{"id":10256,"date":"2025-02-14T15:25:02","date_gmt":"2025-02-14T21:25:02","guid":{"rendered":"https:\/\/mujerinforma.com\/?p=10256"},"modified":"2025-02-14T15:25:02","modified_gmt":"2025-02-14T21:25:02","slug":"crisis-politica-nuevo-leon-presupuesto-samuel-garcia","status":"publish","type":"post","link":"https:\/\/reflejosdelapolitica.com\/ro\/crisis-politica-nuevo-leon-presupuesto-samuel-garcia\/","title":{"rendered":"Crisis Pol\u00edtica en Nuevo Le\u00f3n: Congreso vs. Samuel"},"content":{"rendered":"<p class=\"has-medium-font-size\">Claudia T. Witr\u00f3n 14\/02\/2025. En este art\u00edculo, vamos a explorar el presupuesto estatal de Nuevo Le\u00f3n.<\/p>\n\n\n\n<h1 class=\"wp-block-heading\" id=\"h-cuando-el-poder-politico-es-una-cuestion-de-pe-o\">Cuando el Poder Pol\u00edtico es una cuesti\u00f3n de Pe$o$<\/h1>\n\n\n\n<h4 class=\"wp-block-heading has-white-color has-luminous-vivid-orange-background-color has-text-color has-background has-link-color wp-elements-28cc00b57d3f9212aa1177152ead396c\" id=\"h-un-conflicto-sin-solucion-a-la-vista\">Un conflicto sin soluci\u00f3n a la vista<\/h4>\n\n\n\n<p>El estado de <strong>Nuevo Le\u00f3n<\/strong> se encuentra nuevamente en el ojo del hurac\u00e1n pol\u00edtico debido al enfrentamiento entre el gobernador <strong>Samuel Garc\u00eda<\/strong> y el <strong>Congreso del Estado<\/strong>, dominado por el <strong>PRI y el PAN<\/strong>. Esta disputa, que ha sido una constante en los \u00faltimos a\u00f1os, ha alcanzado un punto cr\u00edtico con el <strong>retraso en la aprobaci\u00f3n del presupuesto estatal de 2025<\/strong>, lo que pone en riesgo la operatividad de programas clave en \u00e1reas como <strong>infraestructura, salud y seguridad. <\/strong>Sin duda, la aprobaci\u00f3n del presupuesto estatal de Nuevo Le\u00f3n es fundamental para el desarrollo.<\/p>\n\n\n\n<p>A pesar de los llamados a la conciliaci\u00f3n e incluso la intervenci\u00f3n del gobierno federal, las negociaciones se encuentran <strong>estancadas<\/strong>, generando incertidumbre econ\u00f3mica y pol\u00edtica en la entidad. \u00bfQu\u00e9 significa esto para los ciudadanos y cu\u00e1les son las verdaderas implicaciones de este conflicto en el presupuesto estatal de Nuevo Le\u00f3n?<\/p>\n\n\n\n<h4 class=\"wp-block-heading has-palette-color-10-color has-luminous-vivid-orange-background-color has-text-color has-background has-link-color wp-elements-455d1a59240a662fa193121df7bef48d\" id=\"h-el-impacto-ciudadano-del-retraso-en-la-aprobacion-del-presupuesto\">El impacto ciudadano del retraso en la aprobaci\u00f3n del presupuesto<\/h4>\n\n\n\n<p>Cuando un presupuesto no se aprueba en tiempo y forma, los <strong>recursos p\u00fablicos quedan en el limbo<\/strong>, afectando directamente a la poblaci\u00f3n. En el caso de <strong>Nuevo Le\u00f3n<\/strong>, esto se traduce en:<\/p>\n\n\n\n<ul class=\"wp-block-list\">\n<li> <strong>Afectaciones en infraestructura<\/strong>: Proyectos estrat\u00e9gicos como la ampliaci\u00f3n del <strong>Metro de Monterrey<\/strong>, la mejora del <strong>Sistema de Transporte P\u00fablico<\/strong> y el mantenimiento de carreteras pueden quedar en pausa sin un presupuesto estatal de Nuevo Le\u00f3n claro.<\/li>\n\n\n\n<li> <strong>D\u00e9ficit en salud y educaci\u00f3n<\/strong>: Programas de atenci\u00f3n m\u00e9dica, compra de medicamentos y mejoras en hospitales estatales podr\u00edan sufrir recortes o retrasos. Lo mismo ocurre con el financiamiento de escuelas y universidades p\u00fablicas.<\/li>\n\n\n\n<li> <strong>Retrasos en seguridad p\u00fablica<\/strong>: Sin un presupuesto definido, los cuerpos policiacos no podr\u00e1n recibir <strong>nuevas patrullas, equipo de seguridad o mejoras salariales<\/strong>, afectando la lucha contra la inseguridad.<\/li>\n\n\n\n<li> <strong>Riesgo en los pagos a empleados estatales<\/strong>: Si la situaci\u00f3n se prolonga, podr\u00eda haber problemas en el pago de sueldos de maestros, m\u00e9dicos y otros trabajadores del gobierno estatal.<\/li>\n<\/ul>\n\n\n\n<p>Los ciudadanos, quienes deber\u00edan ser la prioridad en cualquier debate pol\u00edtico, terminan siendo <strong>los principales perjudicados<\/strong> en este juego de poder sobre el presupuesto estatal de Nuevo Le\u00f3n.<\/p>\n\n\n\n<h4 class=\"wp-block-heading has-palette-color-10-color has-luminous-vivid-orange-background-color has-text-color has-background has-link-color wp-elements-1b6c5efb75e661fe855f0ceb39d8833a\" id=\"h-implicaciones-economicas-nuevo-leon-perdera-inversion\">Implicaciones econ\u00f3micas: \u00bfNuevo Le\u00f3n perder\u00e1 inversi\u00f3n?<\/h4>\n\n\n\n<p>Nuevo Le\u00f3n es uno de los estados con mayor <strong>atracci\u00f3n de inversi\u00f3n extranjera<\/strong> en M\u00e9xico. Sin embargo, el clima de incertidumbre pol\u00edtica puede generar desconfianza en los sectores empresariales y <strong>frenar el crecimiento econ\u00f3mico<\/strong> de la regi\u00f3n.<\/p>\n\n\n\n<p>Empresas multinacionales que consideran instalarse en el estado podr\u00edan postergar sus decisiones hasta ver mayor estabilidad. Adem\u00e1s, la falta de un presupuesto claro puede afectar la ejecuci\u00f3n de incentivos fiscales para nuevos inversionistas.<\/p>\n\n\n\n<p>En un contexto de <strong>nearshoring<\/strong>, donde Nuevo Le\u00f3n compite con otros estados para atraer inversi\u00f3n, el conflicto entre el <strong>Ejecutivo y el Legislativo<\/strong> se convierte en un obst\u00e1culo que pone en riesgo el futuro econ\u00f3mico de la entidad. Resolver la situaci\u00f3n del presupuesto estatal de Nuevo Le\u00f3n es crucial para mantener la confianza en la inversi\u00f3n.<\/p>\n\n\n\n<h5 class=\"wp-block-heading\" id=\"h-el-trasfondo-politico-quien-gana-y-quien-pierde\"><strong>El trasfondo pol\u00edtico: \u00bfQui\u00e9n gana y qui\u00e9n pierde?<\/strong><\/h5>\n\n\n\n<p>Este enfrentamiento entre el gobernador y el Congreso no es nuevo. Desde el inicio de su administraci\u00f3n, <strong>Samuel Garc\u00eda ha chocado con la mayor\u00eda priista y panista<\/strong>, quienes han bloqueado varias de sus iniciativas.<\/p>\n\n\n\n<p>Por su parte, el gobernador ha utilizado su <strong>popularidad en redes sociales<\/strong> para denunciar lo que considera un \u201cbloqueo legislativo\u201d y ha llevado la batalla al plano medi\u00e1tico, present\u00e1ndose como la v\u00edctima de una oposici\u00f3n que busca <strong>frenar su gobierno por razones pol\u00edticas<\/strong>.<\/p>\n\n\n\n<p>Sin embargo, en esta disputa, <strong>ambos lados han mostrado una falta de voluntad para negociar<\/strong>, poniendo en segundo plano el bienestar ciudadano.<\/p>\n\n\n\n<p>En t\u00e9rminos pol\u00edticos:<\/p>\n\n\n\n<ul class=\"wp-block-list\">\n<li> <strong>Samuel Garc\u00eda mantiene su imagen de l\u00edder disruptivo<\/strong>, pero el conflicto desgasta su administraci\u00f3n.<\/li>\n\n\n\n<li> <strong>El PRI y el PAN buscan debilitar su influencia rumbo a futuras elecciones<\/strong>, pero arriesgan su propia credibilidad al frenar el presupuesto estatal de Nuevo Le\u00f3n.<\/li>\n\n\n\n<li> <strong>El electorado observa con desconfianza<\/strong> c\u00f3mo sus representantes priorizan intereses partidistas sobre la estabilidad del estado.<\/li>\n<\/ul>\n\n\n\n<h3 class=\"wp-block-heading has-palette-color-10-color has-luminous-vivid-orange-background-color has-text-color has-background has-link-color wp-elements-94204380a3fd04d1a5551660573ce7a2\" id=\"h-cuando-terminara-esta-lucha-de-poder\">\u00bfCu\u00e1ndo terminar\u00e1 esta lucha de poder?<\/h3>\n\n\n\n<p>La pol\u00edtica deber\u00eda estar al <strong>servicio de los ciudadanos<\/strong>, no ser un campo de batalla entre facciones que buscan imponer su agenda a toda costa.<\/p>\n\n\n\n<p>La <strong>aprobaci\u00f3n del presupuesto estatal de Nuevo Le\u00f3n<\/strong> no puede seguir siendo reh\u00e9n de una disputa que solo beneficia a quienes buscan <strong>protagonismo pol\u00edtico<\/strong>. Es momento de que <strong>Samuel Garc\u00eda y el Congreso encuentren un punto de acuerdo<\/strong>, priorizando el desarrollo del estado y el bienestar de sus habitantes.<\/p>\n\n\n\n<p>\ud83d\udcac <strong>\u00bfCrees que este conflicto se resolver\u00e1 pronto o seguir\u00e1 afectando a Nuevo Le\u00f3n? D\u00e9janos tu opini\u00f3n en los comentarios y comparte este art\u00edculo sobre el presupuesto estatal de Nuevo Le\u00f3n.<\/strong><\/p>\n\n\n\n<p class=\"has-link-color has-large-font-size wp-elements-56874347ca74ce8cf91926e99abffaaa\"><em>Recibe las notas principales de Mujer Informa en tu celular,\u00a0<a href=\"https:\/\/whatsapp.com\/channel\/0029Vaf9sqa0G0XqH2rnOQ17\">\u00danete a nuestro canal de Whatsapp<\/a>\u00a0y tendr\u00e1s las noticias que te interesan en la palma de tu mano.<\/em><\/p>\n\n\n\n<hr class=\"wp-block-separator has-alpha-channel-opacity\"\/>\n\n\n\n<p><br><\/p>","protected":false},"excerpt":{"rendered":"<p>Claudia T. Witr\u00f3n 14\/02\/2025. En este art\u00edculo, vamos a explorar el presupuesto estatal de Nuevo Le\u00f3n. Cuando el Poder Pol\u00edtico es una cuesti\u00f3n de Pe$o$ Un conflicto sin soluci\u00f3n a la vista El estado de Nuevo Le\u00f3n se encuentra nuevamente en el ojo del hurac\u00e1n pol\u00edtico debido al enfrentamiento entre el gobernador Samuel Garc\u00eda y [&hellip;]<\/p>","protected":false},"author":1,"featured_media":10292,"comment_status":"open","ping_status":"open","sticky":false,"template":"","format":"standard","meta":{"_gspb_post_css":"","footnotes":""},"categories":[21],"tags":[108,102,109,110,111,93,112,113,114,115,104,116,117,118,25],"class_list":["post-10256","post","type-post","status-publish","format-standard","has-post-thumbnail","hentry","category-editoriales","tag-congresonl","tag-economia-3","tag-educacion-2","tag-gobierno-2","tag-infraestructura-2","tag-mujerinforma","tag-nuevoleon","tag-pan-2","tag-presupuestoestatal","tag-pri-2","tag-reflejosdelapolitica","tag-samuelgarcia","tag-seguridadpublica","tag-tensionespoliticas","tag-destacados"],"blocksy_meta":[],"aioseo_notices":[],"_links":{"self":[{"href":"https:\/\/reflejosdelapolitica.com\/ro\/wp-json\/wp\/v2\/posts\/10256","targetHints":{"allow":["GET"]}}],"collection":[{"href":"https:\/\/reflejosdelapolitica.com\/ro\/wp-json\/wp\/v2\/posts"}],"about":[{"href":"https:\/\/reflejosdelapolitica.com\/ro\/wp-json\/wp\/v2\/types\/post"}],"author":[{"embeddable":true,"href":"https:\/\/reflejosdelapolitica.com\/ro\/wp-json\/wp\/v2\/users\/1"}],"replies":[{"embeddable":true,"href":"https:\/\/reflejosdelapolitica.com\/ro\/wp-json\/wp\/v2\/comments?post=10256"}],"version-history":[{"count":0,"href":"https:\/\/reflejosdelapolitica.com\/ro\/wp-json\/wp\/v2\/posts\/10256\/revisions"}],"wp:featuredmedia":[{"embeddable":true,"href":"https:\/\/reflejosdelapolitica.com\/ro\/wp-json\/wp\/v2\/media\/10292"}],"wp:attachment":[{"href":"https:\/\/reflejosdelapolitica.com\/ro\/wp-json\/wp\/v2\/media?parent=10256"}],"wp:term":[{"taxonomy":"category","embeddable":true,"href":"https:\/\/reflejosdelapolitica.com\/ro\/wp-json\/wp\/v2\/categories?post=10256"},{"taxonomy":"post_tag","embeddable":true,"href":"https:\/\/reflejosdelapolitica.com\/ro\/wp-json\/wp\/v2\/tags?post=10256"}],"curies":[{"name":"wp","href":"https:\/\/api.w.org\/{rel}","templated":true}]}}